{"id":904,"date":"2011-10-03T17:15:27","date_gmt":"2011-10-03T17:15:27","guid":{"rendered":"http:\/\/demo.ekokoncept.com\/en\/uncategorized\/10-2011-madexpo-2011-v-milanu\/"},"modified":"2022-10-02T19:41:48","modified_gmt":"2022-10-02T19:41:48","slug":"10-2011-madexpo-2011-v-milanu","status":"publish","type":"post","link":"https:\/\/www.ekokoncept.com\/en\/10-2011-madexpo-2011-v-milanu\/","title":{"rendered":"10.2011 \u2013 MADEXPO 2011 v Milanu"},"content":{"rendered":"<p>Udele\u017eili smo se sejma MADEEXPO 2011 v Milanu. Opa\u017eamo ogromno \u017eeljo italjanskih podjetij po gradnji z lesom, za katerega nimajo nevemkak\u0161nega pred-znanja. So pa tak\u0161ni gradnji izredno naklonjeni.<\/p>\n","protected":false},"excerpt":{"rendered":"<p>Udele\u017eili smo se sejma MADEEXPO 2011 v Milanu. Opa\u017eamo ogromno \u017eeljo italjanskih podjetij po gradnji z lesom, za katerega nimajo nevemkak\u0161nega pred-znanja. So pa tak\u0161ni gradnji izredno naklonjeni.<\/p>\n","protected":false},"author":3,"featured_media":905,"comment_status":"closed","ping_status":"open","sticky":false,"template":"","format":"standard","meta":[],"categories":[45],"tags":[],"acf":[],"yoast_head":"<!-- This site is optimized with the Yoast SEO plugin v19.8 - https:\/\/yoast.com\/wordpress\/plugins\/seo\/ -->\n<title>10.2011 \u2013 MADEXPO 2011 v Milanu - ekokoncept<\/title>\n<meta name=\"robots\" content=\"index, follow, max-snippet:-1, max-image-preview:large, max-video-preview:-1\" \/>\n<link rel=\"canonical\" href=\"https:\/\/www.ekokoncept.com\/en\/10-2011-madexpo-2011-v-milanu\/\" \/>\n<meta property=\"og:locale\" content=\"en_US\" \/>\n<meta property=\"og:type\" content=\"article\" \/>\n<meta property=\"og:title\" content=\"10.2011 \u2013 MADEXPO 2011 v Milanu - ekokoncept\" \/>\n<meta property=\"og:description\" content=\"Udele\u017eili smo se sejma MADEEXPO 2011 v Milanu. Opa\u017eamo ogromno \u017eeljo italjanskih podjetij po gradnji z lesom, za katerega nimajo nevemkak\u0161nega pred-znanja. So pa tak\u0161ni gradnji izredno naklonjeni.\" \/>\n<meta property=\"og:url\" content=\"https:\/\/www.ekokoncept.com\/en\/10-2011-madexpo-2011-v-milanu\/\" \/>\n<meta property=\"og:site_name\" content=\"ekokoncept\" \/>\n<meta property=\"article:publisher\" content=\"https:\/\/www.facebook.com\/ekokoncept.net\/\" \/>\n<meta property=\"article:published_time\" content=\"2011-10-03T17:15:27+00:00\" \/>\n<meta property=\"article:modified_time\" content=\"2022-10-02T19:41:48+00:00\" \/>\n<meta property=\"og:image\" content=\"https:\/\/www.ekokoncept.com\/wp-content\/uploads\/2015\/12\/12_madeexpo_milano_2011.jpg\" \/>\n\t<meta property=\"og:image:width\" content=\"454\" \/>\n\t<meta property=\"og:image:height\" content=\"84\" \/>\n\t<meta property=\"og:image:type\" content=\"image\/jpeg\" \/>\n<meta name=\"author\" content=\"tomaz\" \/>\n<meta name=\"twitter:card\" content=\"summary_large_image\" \/>\n<meta name=\"twitter:label1\" content=\"Written by\" \/>\n\t<meta name=\"twitter:data1\" content=\"tomaz\" \/>\n<script type=\"application\/ld+json\" class=\"yoast-schema-graph\">{\"@context\":\"https:\/\/schema.org\",\"@graph\":[{\"@type\":\"Article\",\"@id\":\"https:\/\/www.ekokoncept.com\/en\/10-2011-madexpo-2011-v-milanu\/#article\",\"isPartOf\":{\"@id\":\"https:\/\/www.ekokoncept.com\/en\/10-2011-madexpo-2011-v-milanu\/\"},\"author\":{\"name\":\"tomaz\",\"@id\":\"https:\/\/www.ekokoncept.com\/en\/#\/schema\/person\/2b4ff0136fe6ce53a0b70de434048fa7\"},\"headline\":\"10.2011 \u2013 MADEXPO 2011 v Milanu\",\"datePublished\":\"2011-10-03T17:15:27+00:00\",\"dateModified\":\"2022-10-02T19:41:48+00:00\",\"mainEntityOfPage\":{\"@id\":\"https:\/\/www.ekokoncept.com\/en\/10-2011-madexpo-2011-v-milanu\/\"},\"wordCount\":34,\"publisher\":{\"@id\":\"https:\/\/www.ekokoncept.com\/en\/#organization\"},\"articleSection\":[\"News\"],\"inLanguage\":\"en-US\"},{\"@type\":\"WebPage\",\"@id\":\"https:\/\/www.ekokoncept.com\/en\/10-2011-madexpo-2011-v-milanu\/\",\"url\":\"https:\/\/www.ekokoncept.com\/en\/10-2011-madexpo-2011-v-milanu\/\",\"name\":\"10.2011 \u2013 MADEXPO 2011 v Milanu - ekokoncept\",\"isPartOf\":{\"@id\":\"https:\/\/www.ekokoncept.com\/en\/#website\"},\"datePublished\":\"2011-10-03T17:15:27+00:00\",\"dateModified\":\"2022-10-02T19:41:48+00:00\",\"breadcrumb\":{\"@id\":\"https:\/\/www.ekokoncept.com\/en\/10-2011-madexpo-2011-v-milanu\/#breadcrumb\"},\"inLanguage\":\"en-US\",\"potentialAction\":[{\"@type\":\"ReadAction\",\"target\":[\"https:\/\/www.ekokoncept.com\/en\/10-2011-madexpo-2011-v-milanu\/\"]}]},{\"@type\":\"BreadcrumbList\",\"@id\":\"https:\/\/www.ekokoncept.com\/en\/10-2011-madexpo-2011-v-milanu\/#breadcrumb\",\"itemListElement\":[{\"@type\":\"ListItem\",\"position\":1,\"name\":\"Home\",\"item\":\"https:\/\/www.ekokoncept.com\/en\/home\/\"},{\"@type\":\"ListItem\",\"position\":2,\"name\":\"10.2011 \u2013 MADEXPO 2011 v Milanu\"}]},{\"@type\":\"WebSite\",\"@id\":\"https:\/\/www.ekokoncept.com\/en\/#website\",\"url\":\"https:\/\/www.ekokoncept.com\/en\/\",\"name\":\"ekokoncept\",\"description\":\"\",\"publisher\":{\"@id\":\"https:\/\/www.ekokoncept.com\/en\/#organization\"},\"potentialAction\":[{\"@type\":\"SearchAction\",\"target\":{\"@type\":\"EntryPoint\",\"urlTemplate\":\"https:\/\/www.ekokoncept.com\/en\/?s={search_term_string}\"},\"query-input\":\"required name=search_term_string\"}],\"inLanguage\":\"en-US\"},{\"@type\":\"Organization\",\"@id\":\"https:\/\/www.ekokoncept.com\/en\/#organization\",\"name\":\"ekokoncept\",\"url\":\"https:\/\/www.ekokoncept.com\/en\/\",\"sameAs\":[\"https:\/\/si.linkedin.com\/in\/ekokoncept-prefabricated-buildings-12284820\",\"https:\/\/www.instagram.com\/eko_koncept\/\",\"https:\/\/www.youtube.com\/channel\/UCcpdqNYepsO3pi_cGSPiJNw\",\"https:\/\/www.facebook.com\/ekokoncept.net\/\"],\"logo\":{\"@type\":\"ImageObject\",\"inLanguage\":\"en-US\",\"@id\":\"https:\/\/www.ekokoncept.com\/en\/#\/schema\/logo\/image\/\",\"url\":\"https:\/\/ekokoncept.com\/wp-content\/uploads\/2019\/10\/montazne-hise-ekokoncept.png\",\"contentUrl\":\"https:\/\/ekokoncept.com\/wp-content\/uploads\/2019\/10\/montazne-hise-ekokoncept.png\",\"width\":320,\"height\":68,\"caption\":\"ekokoncept\"},\"image\":{\"@id\":\"https:\/\/www.ekokoncept.com\/en\/#\/schema\/logo\/image\/\"}},{\"@type\":\"Person\",\"@id\":\"https:\/\/www.ekokoncept.com\/en\/#\/schema\/person\/2b4ff0136fe6ce53a0b70de434048fa7\",\"name\":\"tomaz\",\"url\":\"https:\/\/www.ekokoncept.com\/en\/author\/tomaznoc-2\/\"}]}<\/script>\n<!-- \/ Yoast SEO plugin. -->","yoast_head_json":{"title":"10.2011 \u2013 MADEXPO 2011 v Milanu - ekokoncept","robots":{"index":"index","follow":"follow","max-snippet":"max-snippet:-1","max-image-preview":"max-image-preview:large","max-video-preview":"max-video-preview:-1"},"canonical":"https:\/\/www.ekokoncept.com\/en\/10-2011-madexpo-2011-v-milanu\/","og_locale":"en_US","og_type":"article","og_title":"10.2011 \u2013 MADEXPO 2011 v Milanu - ekokoncept","og_description":"Udele\u017eili smo se sejma MADEEXPO 2011 v Milanu. Opa\u017eamo ogromno \u017eeljo italjanskih podjetij po gradnji z lesom, za katerega nimajo nevemkak\u0161nega pred-znanja. So pa tak\u0161ni gradnji izredno naklonjeni.","og_url":"https:\/\/www.ekokoncept.com\/en\/10-2011-madexpo-2011-v-milanu\/","og_site_name":"ekokoncept","article_publisher":"https:\/\/www.facebook.com\/ekokoncept.net\/","article_published_time":"2011-10-03T17:15:27+00:00","article_modified_time":"2022-10-02T19:41:48+00:00","og_image":[{"width":454,"height":84,"url":"https:\/\/www.ekokoncept.com\/wp-content\/uploads\/2015\/12\/12_madeexpo_milano_2011.jpg","type":"image\/jpeg"}],"author":"tomaz","twitter_card":"summary_large_image","twitter_misc":{"Written by":"tomaz"},"schema":{"@context":"https:\/\/schema.org","@graph":[{"@type":"Article","@id":"https:\/\/www.ekokoncept.com\/en\/10-2011-madexpo-2011-v-milanu\/#article","isPartOf":{"@id":"https:\/\/www.ekokoncept.com\/en\/10-2011-madexpo-2011-v-milanu\/"},"author":{"name":"tomaz","@id":"https:\/\/www.ekokoncept.com\/en\/#\/schema\/person\/2b4ff0136fe6ce53a0b70de434048fa7"},"headline":"10.2011 \u2013 MADEXPO 2011 v Milanu","datePublished":"2011-10-03T17:15:27+00:00","dateModified":"2022-10-02T19:41:48+00:00","mainEntityOfPage":{"@id":"https:\/\/www.ekokoncept.com\/en\/10-2011-madexpo-2011-v-milanu\/"},"wordCount":34,"publisher":{"@id":"https:\/\/www.ekokoncept.com\/en\/#organization"},"articleSection":["News"],"inLanguage":"en-US"},{"@type":"WebPage","@id":"https:\/\/www.ekokoncept.com\/en\/10-2011-madexpo-2011-v-milanu\/","url":"https:\/\/www.ekokoncept.com\/en\/10-2011-madexpo-2011-v-milanu\/","name":"10.2011 \u2013 MADEXPO 2011 v Milanu - ekokoncept","isPartOf":{"@id":"https:\/\/www.ekokoncept.com\/en\/#website"},"datePublished":"2011-10-03T17:15:27+00:00","dateModified":"2022-10-02T19:41:48+00:00","breadcrumb":{"@id":"https:\/\/www.ekokoncept.com\/en\/10-2011-madexpo-2011-v-milanu\/#breadcrumb"},"inLanguage":"en-US","potentialAction":[{"@type":"ReadAction","target":["https:\/\/www.ekokoncept.com\/en\/10-2011-madexpo-2011-v-milanu\/"]}]},{"@type":"BreadcrumbList","@id":"https:\/\/www.ekokoncept.com\/en\/10-2011-madexpo-2011-v-milanu\/#breadcrumb","itemListElement":[{"@type":"ListItem","position":1,"name":"Home","item":"https:\/\/www.ekokoncept.com\/en\/home\/"},{"@type":"ListItem","position":2,"name":"10.2011 \u2013 MADEXPO 2011 v Milanu"}]},{"@type":"WebSite","@id":"https:\/\/www.ekokoncept.com\/en\/#website","url":"https:\/\/www.ekokoncept.com\/en\/","name":"ekokoncept","description":"","publisher":{"@id":"https:\/\/www.ekokoncept.com\/en\/#organization"},"potentialAction":[{"@type":"SearchAction","target":{"@type":"EntryPoint","urlTemplate":"https:\/\/www.ekokoncept.com\/en\/?s={search_term_string}"},"query-input":"required name=search_term_string"}],"inLanguage":"en-US"},{"@type":"Organization","@id":"https:\/\/www.ekokoncept.com\/en\/#organization","name":"ekokoncept","url":"https:\/\/www.ekokoncept.com\/en\/","sameAs":["https:\/\/si.linkedin.com\/in\/ekokoncept-prefabricated-buildings-12284820","https:\/\/www.instagram.com\/eko_koncept\/","https:\/\/www.youtube.com\/channel\/UCcpdqNYepsO3pi_cGSPiJNw","https:\/\/www.facebook.com\/ekokoncept.net\/"],"logo":{"@type":"ImageObject","inLanguage":"en-US","@id":"https:\/\/www.ekokoncept.com\/en\/#\/schema\/logo\/image\/","url":"https:\/\/ekokoncept.com\/wp-content\/uploads\/2019\/10\/montazne-hise-ekokoncept.png","contentUrl":"https:\/\/ekokoncept.com\/wp-content\/uploads\/2019\/10\/montazne-hise-ekokoncept.png","width":320,"height":68,"caption":"ekokoncept"},"image":{"@id":"https:\/\/www.ekokoncept.com\/en\/#\/schema\/logo\/image\/"}},{"@type":"Person","@id":"https:\/\/www.ekokoncept.com\/en\/#\/schema\/person\/2b4ff0136fe6ce53a0b70de434048fa7","name":"tomaz","url":"https:\/\/www.ekokoncept.com\/en\/author\/tomaznoc-2\/"}]}},"_links":{"self":[{"href":"https:\/\/www.ekokoncept.com\/en\/wp-json\/wp\/v2\/posts\/904"}],"collection":[{"href":"https:\/\/www.ekokoncept.com\/en\/wp-json\/wp\/v2\/posts"}],"about":[{"href":"https:\/\/www.ekokoncept.com\/en\/wp-json\/wp\/v2\/types\/post"}],"author":[{"embeddable":true,"href":"https:\/\/www.ekokoncept.com\/en\/wp-json\/wp\/v2\/users\/3"}],"replies":[{"embeddable":true,"href":"https:\/\/www.ekokoncept.com\/en\/wp-json\/wp\/v2\/comments?post=904"}],"version-history":[{"count":1,"href":"https:\/\/www.ekokoncept.com\/en\/wp-json\/wp\/v2\/posts\/904\/revisions"}],"predecessor-version":[{"id":589753,"href":"https:\/\/www.ekokoncept.com\/en\/wp-json\/wp\/v2\/posts\/904\/revisions\/589753"}],"wp:featuredmedia":[{"embeddable":true,"href":"https:\/\/www.ekokoncept.com\/en\/wp-json\/wp\/v2\/media\/905"}],"wp:attachment":[{"href":"https:\/\/www.ekokoncept.com\/en\/wp-json\/wp\/v2\/media?parent=904"}],"wp:term":[{"taxonomy":"category","embeddable":true,"href":"https:\/\/www.ekokoncept.com\/en\/wp-json\/wp\/v2\/categories?post=904"},{"taxonomy":"post_tag","embeddable":true,"href":"https:\/\/www.ekokoncept.com\/en\/wp-json\/wp\/v2\/tags?post=904"}],"curies":[{"name":"wp","href":"https:\/\/api.w.org\/{rel}","templated":true}]}}