{"id":1283,"date":"2014-10-03T22:54:43","date_gmt":"2014-10-03T22:54:43","guid":{"rendered":"http:\/\/demo.ekokoncept.com\/en\/uncategorized\/gozdni-domek-ceska-uhlik-arhitekti\/"},"modified":"2014-10-03T22:54:43","modified_gmt":"2014-10-03T22:54:43","slug":"gozdni-domek-ceska-uhlik-arhitekti","status":"publish","type":"post","link":"https:\/\/www.ekokoncept.com\/en\/gozdni-domek-ceska-uhlik-arhitekti\/","title":{"rendered":"Gozdni domek, \u010ce\u0161ka, Uhl\u00edk arhitekti"},"content":{"rendered":"<p>Nenavadno gozdno zato\u010di\u0161\u010de je zraslo iz lastnikove \u017eelje po ob\u010dasnem umiku iz urbanega vrve\u017ea Prage. Projektantom je pristopil, ko je za svoje pribe\u017eali\u0161\u010de na\u0161el popoln, odmaknjen kraj v \u010darobnih gozdovih Bohemie, od koder tudi prihaja. Arhitekti so bili nad lokacijo tako navdu\u0161eni, da so se odlo\u010dili hi\u0161ko ne samo na\u010drtovati, pa\u010d pa tudi fizi\u010dno izdelati.<\/p>\n<p>Pri delu so uporabili samo lokalne materiale; les za izdelavo objekta je iz istega gozda, pri detajlih so si pomagali s tehniko bli\u017enjih obrtnikov. Nastala je kompaktna enoprostorska stavba (3.1mx5.8m), ki je podprta z ogromnim kamnitim monoblokom. Objekt se odpira na dve strani; z nizkim dostopom v spodnjem delu in z veliko stekleno povr\u0161ino proti kro\u0161njam. V tem delu je ustavarjen sijajen koti\u010dek za sprostitev, saj je na vsaka stopnici mogo\u010de tudi spati, pod njimi pa je prostor funkcionalno odli\u010dno izkori\u0161\u010den za shranjevanje. Obe stekleni povr\u0161ini je mo\u017eno zapreti in zastreti za ve\u010djo varnost. Hi\u0161ka pa ne navdu\u0161uje samo s svojo obliko, pa\u010d pa tudi s funkcionalnostjo; primerna je namre\u010d tako za po\u010ditek in meditacijo, kot tudi za zabave in manj\u0161a sre\u010danja.<br \/>\n<em><br \/>\nVir; spletna stran avtorjev<\/em><\/p>\n","protected":false},"excerpt":{"rendered":"<p>Nenavadno gozdno zato\u010di\u0161\u010de je zraslo iz lastnikove \u017eelje po ob\u010dasnem umiku iz urbanega vrve\u017ea Prage. Projektantom je pristopil, ko je za svoje pribe\u017eali\u0161\u010de na\u0161el popoln, odmaknjen kraj v \u010darobnih gozdovih Bohemie, od koder tudi prihaja. Arhitekti so bili nad lokacijo tako navdu\u0161eni, da so se odlo\u010dili hi\u0161ko ne samo na\u010drtovati, pa\u010d pa tudi fizi\u010dno izdelati&#8230;.<\/p>\n","protected":false},"author":3,"featured_media":1284,"comment_status":"closed","ping_status":"open","sticky":false,"template":"","format":"standard","meta":[],"categories":[42],"tags":[],"acf":[],"yoast_head":"<!-- This site is optimized with the Yoast SEO plugin v19.8 - https:\/\/yoast.com\/wordpress\/plugins\/seo\/ -->\n<title>Gozdni domek, \u010ce\u0161ka, Uhl\u00edk arhitekti - ekokoncept<\/title>\n<meta name=\"robots\" content=\"index, follow, max-snippet:-1, max-image-preview:large, max-video-preview:-1\" \/>\n<link rel=\"canonical\" href=\"https:\/\/www.ekokoncept.com\/en\/gozdni-domek-ceska-uhlik-arhitekti\/\" \/>\n<meta property=\"og:locale\" content=\"en_US\" \/>\n<meta property=\"og:type\" content=\"article\" \/>\n<meta property=\"og:title\" content=\"Gozdni domek, \u010ce\u0161ka, Uhl\u00edk arhitekti - ekokoncept\" \/>\n<meta property=\"og:description\" content=\"Nenavadno gozdno zato\u010di\u0161\u010de je zraslo iz lastnikove \u017eelje po ob\u010dasnem umiku iz urbanega vrve\u017ea Prage. Projektantom je pristopil, ko je za svoje pribe\u017eali\u0161\u010de na\u0161el popoln, odmaknjen kraj v \u010darobnih gozdovih Bohemie, od koder tudi prihaja. Arhitekti so bili nad lokacijo tako navdu\u0161eni, da so se odlo\u010dili hi\u0161ko ne samo na\u010drtovati, pa\u010d pa tudi fizi\u010dno izdelati....\" \/>\n<meta property=\"og:url\" content=\"https:\/\/www.ekokoncept.com\/en\/gozdni-domek-ceska-uhlik-arhitekti\/\" \/>\n<meta property=\"og:site_name\" content=\"ekokoncept\" \/>\n<meta property=\"article:publisher\" content=\"https:\/\/www.facebook.com\/ekokoncept.net\/\" \/>\n<meta property=\"article:published_time\" content=\"2014-10-03T22:54:43+00:00\" \/>\n<meta property=\"og:image\" content=\"https:\/\/www.ekokoncept.com\/wp-content\/uploads\/2015\/12\/ekokoncept-blog-012.jpg\" \/>\n\t<meta property=\"og:image:width\" content=\"1255\" \/>\n\t<meta property=\"og:image:height\" content=\"441\" \/>\n\t<meta property=\"og:image:type\" content=\"image\/jpeg\" \/>\n<meta name=\"author\" content=\"tomaz\" \/>\n<meta name=\"twitter:card\" content=\"summary_large_image\" \/>\n<meta name=\"twitter:label1\" content=\"Written by\" \/>\n\t<meta name=\"twitter:data1\" content=\"tomaz\" \/>\n\t<meta name=\"twitter:label2\" content=\"Est. reading time\" \/>\n\t<meta name=\"twitter:data2\" content=\"1 minute\" \/>\n<script type=\"application\/ld+json\" class=\"yoast-schema-graph\">{\"@context\":\"https:\/\/schema.org\",\"@graph\":[{\"@type\":\"Article\",\"@id\":\"https:\/\/www.ekokoncept.com\/en\/gozdni-domek-ceska-uhlik-arhitekti\/#article\",\"isPartOf\":{\"@id\":\"https:\/\/www.ekokoncept.com\/en\/gozdni-domek-ceska-uhlik-arhitekti\/\"},\"author\":{\"name\":\"tomaz\",\"@id\":\"https:\/\/www.ekokoncept.com\/en\/#\/schema\/person\/2b4ff0136fe6ce53a0b70de434048fa7\"},\"headline\":\"Gozdni domek, \u010ce\u0161ka, Uhl\u00edk arhitekti\",\"datePublished\":\"2014-10-03T22:54:43+00:00\",\"dateModified\":\"2014-10-03T22:54:43+00:00\",\"mainEntityOfPage\":{\"@id\":\"https:\/\/www.ekokoncept.com\/en\/gozdni-domek-ceska-uhlik-arhitekti\/\"},\"wordCount\":216,\"publisher\":{\"@id\":\"https:\/\/www.ekokoncept.com\/en\/#organization\"},\"articleSection\":[\"Blog\"],\"inLanguage\":\"en-US\"},{\"@type\":\"WebPage\",\"@id\":\"https:\/\/www.ekokoncept.com\/en\/gozdni-domek-ceska-uhlik-arhitekti\/\",\"url\":\"https:\/\/www.ekokoncept.com\/en\/gozdni-domek-ceska-uhlik-arhitekti\/\",\"name\":\"Gozdni domek, \u010ce\u0161ka, Uhl\u00edk arhitekti - ekokoncept\",\"isPartOf\":{\"@id\":\"https:\/\/www.ekokoncept.com\/en\/#website\"},\"datePublished\":\"2014-10-03T22:54:43+00:00\",\"dateModified\":\"2014-10-03T22:54:43+00:00\",\"breadcrumb\":{\"@id\":\"https:\/\/www.ekokoncept.com\/en\/gozdni-domek-ceska-uhlik-arhitekti\/#breadcrumb\"},\"inLanguage\":\"en-US\",\"potentialAction\":[{\"@type\":\"ReadAction\",\"target\":[\"https:\/\/www.ekokoncept.com\/en\/gozdni-domek-ceska-uhlik-arhitekti\/\"]}]},{\"@type\":\"BreadcrumbList\",\"@id\":\"https:\/\/www.ekokoncept.com\/en\/gozdni-domek-ceska-uhlik-arhitekti\/#breadcrumb\",\"itemListElement\":[{\"@type\":\"ListItem\",\"position\":1,\"name\":\"Home\",\"item\":\"https:\/\/www.ekokoncept.com\/en\/home\/\"},{\"@type\":\"ListItem\",\"position\":2,\"name\":\"Gozdni domek, \u010ce\u0161ka, Uhl\u00edk arhitekti\"}]},{\"@type\":\"WebSite\",\"@id\":\"https:\/\/www.ekokoncept.com\/en\/#website\",\"url\":\"https:\/\/www.ekokoncept.com\/en\/\",\"name\":\"ekokoncept\",\"description\":\"\",\"publisher\":{\"@id\":\"https:\/\/www.ekokoncept.com\/en\/#organization\"},\"potentialAction\":[{\"@type\":\"SearchAction\",\"target\":{\"@type\":\"EntryPoint\",\"urlTemplate\":\"https:\/\/www.ekokoncept.com\/en\/?s={search_term_string}\"},\"query-input\":\"required name=search_term_string\"}],\"inLanguage\":\"en-US\"},{\"@type\":\"Organization\",\"@id\":\"https:\/\/www.ekokoncept.com\/en\/#organization\",\"name\":\"ekokoncept\",\"url\":\"https:\/\/www.ekokoncept.com\/en\/\",\"sameAs\":[\"https:\/\/si.linkedin.com\/in\/ekokoncept-prefabricated-buildings-12284820\",\"https:\/\/www.instagram.com\/eko_koncept\/\",\"https:\/\/www.youtube.com\/channel\/UCcpdqNYepsO3pi_cGSPiJNw\",\"https:\/\/www.facebook.com\/ekokoncept.net\/\"],\"logo\":{\"@type\":\"ImageObject\",\"inLanguage\":\"en-US\",\"@id\":\"https:\/\/www.ekokoncept.com\/en\/#\/schema\/logo\/image\/\",\"url\":\"https:\/\/ekokoncept.com\/wp-content\/uploads\/2019\/10\/montazne-hise-ekokoncept.png\",\"contentUrl\":\"https:\/\/ekokoncept.com\/wp-content\/uploads\/2019\/10\/montazne-hise-ekokoncept.png\",\"width\":320,\"height\":68,\"caption\":\"ekokoncept\"},\"image\":{\"@id\":\"https:\/\/www.ekokoncept.com\/en\/#\/schema\/logo\/image\/\"}},{\"@type\":\"Person\",\"@id\":\"https:\/\/www.ekokoncept.com\/en\/#\/schema\/person\/2b4ff0136fe6ce53a0b70de434048fa7\",\"name\":\"tomaz\",\"url\":\"https:\/\/www.ekokoncept.com\/en\/author\/tomaznoc-2\/\"}]}<\/script>\n<!-- \/ Yoast SEO plugin. -->","yoast_head_json":{"title":"Gozdni domek, \u010ce\u0161ka, Uhl\u00edk arhitekti - ekokoncept","robots":{"index":"index","follow":"follow","max-snippet":"max-snippet:-1","max-image-preview":"max-image-preview:large","max-video-preview":"max-video-preview:-1"},"canonical":"https:\/\/www.ekokoncept.com\/en\/gozdni-domek-ceska-uhlik-arhitekti\/","og_locale":"en_US","og_type":"article","og_title":"Gozdni domek, \u010ce\u0161ka, Uhl\u00edk arhitekti - ekokoncept","og_description":"Nenavadno gozdno zato\u010di\u0161\u010de je zraslo iz lastnikove \u017eelje po ob\u010dasnem umiku iz urbanega vrve\u017ea Prage. Projektantom je pristopil, ko je za svoje pribe\u017eali\u0161\u010de na\u0161el popoln, odmaknjen kraj v \u010darobnih gozdovih Bohemie, od koder tudi prihaja. Arhitekti so bili nad lokacijo tako navdu\u0161eni, da so se odlo\u010dili hi\u0161ko ne samo na\u010drtovati, pa\u010d pa tudi fizi\u010dno izdelati....","og_url":"https:\/\/www.ekokoncept.com\/en\/gozdni-domek-ceska-uhlik-arhitekti\/","og_site_name":"ekokoncept","article_publisher":"https:\/\/www.facebook.com\/ekokoncept.net\/","article_published_time":"2014-10-03T22:54:43+00:00","og_image":[{"width":1255,"height":441,"url":"https:\/\/www.ekokoncept.com\/wp-content\/uploads\/2015\/12\/ekokoncept-blog-012.jpg","type":"image\/jpeg"}],"author":"tomaz","twitter_card":"summary_large_image","twitter_misc":{"Written by":"tomaz","Est. reading time":"1 minute"},"schema":{"@context":"https:\/\/schema.org","@graph":[{"@type":"Article","@id":"https:\/\/www.ekokoncept.com\/en\/gozdni-domek-ceska-uhlik-arhitekti\/#article","isPartOf":{"@id":"https:\/\/www.ekokoncept.com\/en\/gozdni-domek-ceska-uhlik-arhitekti\/"},"author":{"name":"tomaz","@id":"https:\/\/www.ekokoncept.com\/en\/#\/schema\/person\/2b4ff0136fe6ce53a0b70de434048fa7"},"headline":"Gozdni domek, \u010ce\u0161ka, Uhl\u00edk arhitekti","datePublished":"2014-10-03T22:54:43+00:00","dateModified":"2014-10-03T22:54:43+00:00","mainEntityOfPage":{"@id":"https:\/\/www.ekokoncept.com\/en\/gozdni-domek-ceska-uhlik-arhitekti\/"},"wordCount":216,"publisher":{"@id":"https:\/\/www.ekokoncept.com\/en\/#organization"},"articleSection":["Blog"],"inLanguage":"en-US"},{"@type":"WebPage","@id":"https:\/\/www.ekokoncept.com\/en\/gozdni-domek-ceska-uhlik-arhitekti\/","url":"https:\/\/www.ekokoncept.com\/en\/gozdni-domek-ceska-uhlik-arhitekti\/","name":"Gozdni domek, \u010ce\u0161ka, Uhl\u00edk arhitekti - ekokoncept","isPartOf":{"@id":"https:\/\/www.ekokoncept.com\/en\/#website"},"datePublished":"2014-10-03T22:54:43+00:00","dateModified":"2014-10-03T22:54:43+00:00","breadcrumb":{"@id":"https:\/\/www.ekokoncept.com\/en\/gozdni-domek-ceska-uhlik-arhitekti\/#breadcrumb"},"inLanguage":"en-US","potentialAction":[{"@type":"ReadAction","target":["https:\/\/www.ekokoncept.com\/en\/gozdni-domek-ceska-uhlik-arhitekti\/"]}]},{"@type":"BreadcrumbList","@id":"https:\/\/www.ekokoncept.com\/en\/gozdni-domek-ceska-uhlik-arhitekti\/#breadcrumb","itemListElement":[{"@type":"ListItem","position":1,"name":"Home","item":"https:\/\/www.ekokoncept.com\/en\/home\/"},{"@type":"ListItem","position":2,"name":"Gozdni domek, \u010ce\u0161ka, Uhl\u00edk arhitekti"}]},{"@type":"WebSite","@id":"https:\/\/www.ekokoncept.com\/en\/#website","url":"https:\/\/www.ekokoncept.com\/en\/","name":"ekokoncept","description":"","publisher":{"@id":"https:\/\/www.ekokoncept.com\/en\/#organization"},"potentialAction":[{"@type":"SearchAction","target":{"@type":"EntryPoint","urlTemplate":"https:\/\/www.ekokoncept.com\/en\/?s={search_term_string}"},"query-input":"required name=search_term_string"}],"inLanguage":"en-US"},{"@type":"Organization","@id":"https:\/\/www.ekokoncept.com\/en\/#organization","name":"ekokoncept","url":"https:\/\/www.ekokoncept.com\/en\/","sameAs":["https:\/\/si.linkedin.com\/in\/ekokoncept-prefabricated-buildings-12284820","https:\/\/www.instagram.com\/eko_koncept\/","https:\/\/www.youtube.com\/channel\/UCcpdqNYepsO3pi_cGSPiJNw","https:\/\/www.facebook.com\/ekokoncept.net\/"],"logo":{"@type":"ImageObject","inLanguage":"en-US","@id":"https:\/\/www.ekokoncept.com\/en\/#\/schema\/logo\/image\/","url":"https:\/\/ekokoncept.com\/wp-content\/uploads\/2019\/10\/montazne-hise-ekokoncept.png","contentUrl":"https:\/\/ekokoncept.com\/wp-content\/uploads\/2019\/10\/montazne-hise-ekokoncept.png","width":320,"height":68,"caption":"ekokoncept"},"image":{"@id":"https:\/\/www.ekokoncept.com\/en\/#\/schema\/logo\/image\/"}},{"@type":"Person","@id":"https:\/\/www.ekokoncept.com\/en\/#\/schema\/person\/2b4ff0136fe6ce53a0b70de434048fa7","name":"tomaz","url":"https:\/\/www.ekokoncept.com\/en\/author\/tomaznoc-2\/"}]}},"_links":{"self":[{"href":"https:\/\/www.ekokoncept.com\/en\/wp-json\/wp\/v2\/posts\/1283"}],"collection":[{"href":"https:\/\/www.ekokoncept.com\/en\/wp-json\/wp\/v2\/posts"}],"about":[{"href":"https:\/\/www.ekokoncept.com\/en\/wp-json\/wp\/v2\/types\/post"}],"author":[{"embeddable":true,"href":"https:\/\/www.ekokoncept.com\/en\/wp-json\/wp\/v2\/users\/3"}],"replies":[{"embeddable":true,"href":"https:\/\/www.ekokoncept.com\/en\/wp-json\/wp\/v2\/comments?post=1283"}],"version-history":[{"count":0,"href":"https:\/\/www.ekokoncept.com\/en\/wp-json\/wp\/v2\/posts\/1283\/revisions"}],"wp:featuredmedia":[{"embeddable":true,"href":"https:\/\/www.ekokoncept.com\/en\/wp-json\/wp\/v2\/media\/1284"}],"wp:attachment":[{"href":"https:\/\/www.ekokoncept.com\/en\/wp-json\/wp\/v2\/media?parent=1283"}],"wp:term":[{"taxonomy":"category","embeddable":true,"href":"https:\/\/www.ekokoncept.com\/en\/wp-json\/wp\/v2\/categories?post=1283"},{"taxonomy":"post_tag","embeddable":true,"href":"https:\/\/www.ekokoncept.com\/en\/wp-json\/wp\/v2\/tags?post=1283"}],"curies":[{"name":"wp","href":"https:\/\/api.w.org\/{rel}","templated":true}]}}